{"id":335,"date":"2026-01-04T18:17:15","date_gmt":"2026-01-04T16:17:15","guid":{"rendered":"https:\/\/puustiset.com\/?p=335"},"modified":"2026-01-30T22:22:18","modified_gmt":"2026-01-30T20:22:18","slug":"seuraava-sukukokous-1-7-2023","status":"publish","type":"post","link":"https:\/\/puustiset.com\/index.php\/2026\/01\/04\/seuraava-sukukokous-1-7-2023\/","title":{"rendered":"Seuraava sukukokous 1.7.2023"},"content":{"rendered":"\n<p>Pohjois-Karjalan Puustiset ry:n seuraava sukukokous pidet\u00e4\u00e4n perinteen mukaisesti joka toinen vuosi hein\u00e4kuun ensimm\u00e4isen\u00e4 lauantaina, joka on t\u00e4n\u00e4 vuonna 1. hein\u00e4kuuta. Sukukokouksen pitopaikasta ja oheisohjelmasta p\u00e4\u00e4tet\u00e4\u00e4n alkuvuodesta 2023, viimeist\u00e4\u00e4n helmi-maaliskuussa.<\/p>\n\n\n\n<p>Sukukokousasioista kerrotaan lis\u00e4\u00e4 ensi kev\u00e4\u00e4n j\u00e4senkirjeess\u00e4. Ajankohta kannattaa kuitenkin merkit\u00e4 muistiin jo nyt. Hallituksen linjaus on, ett\u00e4 kokous Pohjois-Karjalan alueella. Ehdotuksia kokouspaikasta voi tehd\u00e4 hallituksen j\u00e4senille tammikuulle saakka.<\/p>\n\n\n\n<p>J\u00e4senmaksun perint\u00e4 siirtyy t\u00e4lle vuodelle, koska vuonna 2022 ei ollut erityisi\u00e4 kuluja aiheuttanutta toimintaa. Vuonna 2023 maksuun tulee siis kahden vuoden j\u00e4senmaksu, eli 2 x 15 e.<\/p>\n\n\n\n<p>Sukuseuran hallitus toivottaa kaikille leppoisaa alkutalvea.<\/p>\n\n\n\n<hr class=\"wp-block-separator has-text-color has-medium-gray-color has-alpha-channel-opacity has-medium-gray-background-color has-background is-style-wide\"\/>\n","protected":false},"excerpt":{"rendered":"<p>Pohjois-Karjalan Puustiset ry:n seuraava sukukokous pidet\u00e4\u00e4n perinteen mukaisesti joka toinen vuosi hein\u00e4kuun ensimm\u00e4isen\u00e4 lauantaina, joka on t\u00e4n\u00e4 vuonna 1. hein\u00e4kuuta. Sukukokouksen pitopaikasta ja oheisohjelmasta p\u00e4\u00e4tet\u00e4\u00e4n alkuvuodesta 2023, viimeist\u00e4\u00e4n helmi-maaliskuussa. Sukukokousasioista kerrotaan lis\u00e4\u00e4 ensi kev\u00e4\u00e4n j\u00e4senkirjeess\u00e4. Ajankohta kannattaa kuitenkin merkit\u00e4 muistiin jo nyt. Hallituksen linjaus on, ett\u00e4 kokous Pohjois-Karjalan alueella. Ehdotuksia kokouspaikasta voi tehd\u00e4 hallituksen j\u00e4senille &hellip; <a href=\"https:\/\/puustiset.com\/index.php\/2026\/01\/04\/seuraava-sukukokous-1-7-2023\/\" class=\"more-link\">Jatka lukemista<span class=\"screen-reader-text\"> &#8221;Seuraava sukukokous 1.7.2023&#8221;<\/span><\/a><\/p>\n","protected":false},"author":1,"featured_media":0,"comment_status":"closed","ping_status":"closed","sticky":false,"template":"","format":"standard","meta":{"footnotes":""},"categories":[5],"tags":[],"class_list":["post-335","post","type-post","status-publish","format-standard","hentry","category-uutinen"],"_links":{"self":[{"href":"https:\/\/puustiset.com\/index.php\/wp-json\/wp\/v2\/posts\/335","targetHints":{"allow":["GET"]}}],"collection":[{"href":"https:\/\/puustiset.com\/index.php\/wp-json\/wp\/v2\/posts"}],"about":[{"href":"https:\/\/puustiset.com\/index.php\/wp-json\/wp\/v2\/types\/post"}],"author":[{"embeddable":true,"href":"https:\/\/puustiset.com\/index.php\/wp-json\/wp\/v2\/users\/1"}],"replies":[{"embeddable":true,"href":"https:\/\/puustiset.com\/index.php\/wp-json\/wp\/v2\/comments?post=335"}],"version-history":[{"count":2,"href":"https:\/\/puustiset.com\/index.php\/wp-json\/wp\/v2\/posts\/335\/revisions"}],"predecessor-version":[{"id":729,"href":"https:\/\/puustiset.com\/index.php\/wp-json\/wp\/v2\/posts\/335\/revisions\/729"}],"wp:attachment":[{"href":"https:\/\/puustiset.com\/index.php\/wp-json\/wp\/v2\/media?parent=335"}],"wp:term":[{"taxonomy":"category","embeddable":true,"href":"https:\/\/puustiset.com\/index.php\/wp-json\/wp\/v2\/categories?post=335"},{"taxonomy":"post_tag","embeddable":true,"href":"https:\/\/puustiset.com\/index.php\/wp-json\/wp\/v2\/tags?post=335"}],"curies":[{"name":"wp","href":"https:\/\/api.w.org\/{rel}","templated":true}]}}