{"id":331,"date":"2026-01-04T18:15:10","date_gmt":"2026-01-04T16:15:10","guid":{"rendered":"https:\/\/puustiset.com\/?p=331"},"modified":"2026-03-03T22:03:05","modified_gmt":"2026-03-03T20:03:05","slug":"sukukokous-3-heinakuuta-2021-valamossa","status":"publish","type":"post","link":"https:\/\/puustiset.com\/index.php\/2026\/01\/04\/sukukokous-3-heinakuuta-2021-valamossa\/","title":{"rendered":"Sukukokous 3. hein\u00e4kuuta 2021 Valamossa"},"content":{"rendered":"\n<p>Pohjois-Karjalan Puustiset ry:n s\u00e4\u00e4nt\u00f6m\u00e4\u00e4r\u00e4inen sukukokous pidet\u00e4\u00e4n lauantaina hein\u00e4kuun 3. p\u00e4iv\u00e4n\u00e4 Valamon kulttuurikeskuksessa Hein\u00e4vedell\u00e4.<\/p>\n\n\n\n<!--more-->\n\n\n\n<p>Tapaaminen alkaa lounaalla luostarin Trapetsassa klo 11.30. Varsinainen kokous alkaa klo 12.30 ja p\u00e4\u00e4ttyy viimeist\u00e4\u00e4n klo 15.00<\/p>\n\n\n\n<p>Osallistumismaksu on 15 euroa\/henkil\u00f6, mik\u00e4 kattaa osan lounaan, kokouskahvien ja kokoustilan kokonaishinnasta.<\/p>\n\n\n\n<p>Kokouksen j\u00e4lkeen on tarjolla monenlaista oheisohjelmaa, johon osallistumisen kukin maksaa itse. Alustavasti Valamosta on varattu my\u00f6s rajallinen m\u00e4\u00e4r\u00e4 eri tasoisia y\u00f6pymispaikkoja sukuseuralle. Nekin kukin varaa itse suoraan kulttuurikeskukselta.<\/p>\n\n\n\n<p>Kokous toteutetaan tuolloin voimassa olevien korona-ohjeistusten mukaisesti. T\u00e4m\u00e4n hetken n\u00e4kym\u00e4n mukaan hein\u00e4kuun alussa ei en\u00e4\u00e4 rajoiteta osallistujam\u00e4\u00e4r\u00e4\u00e4, mutta varo- ja suojaustoimista totta kai pidet\u00e4\u00e4n huolta.<\/p>\n\n\n\n<p>Tarkemmat ohjeet ja aikataulut kerrotaan l\u00e4hip\u00e4ivin\u00e4 postitettavassa j\u00e4senkirjeess\u00e4.<\/p>\n\n\n\n<p>Sukuseuran hallitus<\/p>\n\n\n\n<hr class=\"wp-block-separator has-text-color has-medium-gray-color has-alpha-channel-opacity has-medium-gray-background-color has-background is-style-wide\"\/>\n","protected":false},"excerpt":{"rendered":"<p>Pohjois-Karjalan Puustiset ry:n s\u00e4\u00e4nt\u00f6m\u00e4\u00e4r\u00e4inen sukukokous pidet\u00e4\u00e4n lauantaina hein\u00e4kuun 3. p\u00e4iv\u00e4n\u00e4 Valamon kulttuurikeskuksessa Hein\u00e4vedell\u00e4.<\/p>\n","protected":false},"author":1,"featured_media":0,"comment_status":"closed","ping_status":"closed","sticky":false,"template":"","format":"standard","meta":{"footnotes":""},"categories":[5],"tags":[],"class_list":["post-331","post","type-post","status-publish","format-standard","hentry","category-uutinen"],"_links":{"self":[{"href":"https:\/\/puustiset.com\/index.php\/wp-json\/wp\/v2\/posts\/331","targetHints":{"allow":["GET"]}}],"collection":[{"href":"https:\/\/puustiset.com\/index.php\/wp-json\/wp\/v2\/posts"}],"about":[{"href":"https:\/\/puustiset.com\/index.php\/wp-json\/wp\/v2\/types\/post"}],"author":[{"embeddable":true,"href":"https:\/\/puustiset.com\/index.php\/wp-json\/wp\/v2\/users\/1"}],"replies":[{"embeddable":true,"href":"https:\/\/puustiset.com\/index.php\/wp-json\/wp\/v2\/comments?post=331"}],"version-history":[{"count":3,"href":"https:\/\/puustiset.com\/index.php\/wp-json\/wp\/v2\/posts\/331\/revisions"}],"predecessor-version":[{"id":1045,"href":"https:\/\/puustiset.com\/index.php\/wp-json\/wp\/v2\/posts\/331\/revisions\/1045"}],"wp:attachment":[{"href":"https:\/\/puustiset.com\/index.php\/wp-json\/wp\/v2\/media?parent=331"}],"wp:term":[{"taxonomy":"category","embeddable":true,"href":"https:\/\/puustiset.com\/index.php\/wp-json\/wp\/v2\/categories?post=331"},{"taxonomy":"post_tag","embeddable":true,"href":"https:\/\/puustiset.com\/index.php\/wp-json\/wp\/v2\/tags?post=331"}],"curies":[{"name":"wp","href":"https:\/\/api.w.org\/{rel}","templated":true}]}}